{"id":933,"date":"2018-09-30T11:48:02","date_gmt":"2018-09-30T14:48:02","guid":{"rendered":"http:\/\/fta.com.br\/terrasdaestancia\/?p=933"},"modified":"2020-05-28T17:22:34","modified_gmt":"2020-05-28T20:22:34","slug":"acompanhe-a-rede-eletrica-e-iluminacao-publica-da-ala-do-bosque","status":"publish","type":"post","link":"https:\/\/fta.com.br\/terrasdaestancia\/acompanhe-a-rede-eletrica-e-iluminacao-publica-da-ala-do-bosque\/","title":{"rendered":"Rede el\u00e9trica e ilumina\u00e7\u00e3o p\u00fablica"},"content":{"rendered":"<p><img fetchpriority=\"high\" decoding=\"async\" class=\"alignnone size-large wp-image-1143\" src=\"https:\/\/fta.com.br\/terrasdaestancia\/wp-content\/uploads\/2018\/09\/Image-2019-03-15-at-11.14.50-1024x576.jpg\" alt=\"\" width=\"710\" height=\"399\" srcset=\"https:\/\/fta.com.br\/terrasdaestancia\/wp-content\/uploads\/2018\/09\/Image-2019-03-15-at-11.14.50.jpg 1024w, https:\/\/fta.com.br\/terrasdaestancia\/wp-content\/uploads\/2018\/09\/Image-2019-03-15-at-11.14.50-300x169.jpg 300w, https:\/\/fta.com.br\/terrasdaestancia\/wp-content\/uploads\/2018\/09\/Image-2019-03-15-at-11.14.50-768x432.jpg 768w, https:\/\/fta.com.br\/terrasdaestancia\/wp-content\/uploads\/2018\/09\/Image-2019-03-15-at-11.14.50-350x197.jpg 350w\" sizes=\"(max-width: 710px) 100vw, 710px\" \/> <img decoding=\"async\" class=\"alignnone size-large wp-image-1144\" src=\"https:\/\/fta.com.br\/terrasdaestancia\/wp-content\/uploads\/2018\/09\/WhatsApp-Image-2019-03-14-at-10.01.18-1024x576.jpeg\" alt=\"\" width=\"710\" height=\"399\" srcset=\"https:\/\/fta.com.br\/terrasdaestancia\/wp-content\/uploads\/2018\/09\/WhatsApp-Image-2019-03-14-at-10.01.18-1024x576.jpeg 1024w, https:\/\/fta.com.br\/terrasdaestancia\/wp-content\/uploads\/2018\/09\/WhatsApp-Image-2019-03-14-at-10.01.18-300x169.jpeg 300w, https:\/\/fta.com.br\/terrasdaestancia\/wp-content\/uploads\/2018\/09\/WhatsApp-Image-2019-03-14-at-10.01.18-768x432.jpeg 768w, https:\/\/fta.com.br\/terrasdaestancia\/wp-content\/uploads\/2018\/09\/WhatsApp-Image-2019-03-14-at-10.01.18-350x197.jpeg 350w, https:\/\/fta.com.br\/terrasdaestancia\/wp-content\/uploads\/2018\/09\/WhatsApp-Image-2019-03-14-at-10.01.18.jpeg 1280w\" sizes=\"(max-width: 710px) 100vw, 710px\" \/> <img decoding=\"async\" class=\"alignnone size-large wp-image-1145\" src=\"https:\/\/fta.com.br\/terrasdaestancia\/wp-content\/uploads\/2018\/09\/WhatsApp-Image-2019-03-14-at-10.01.19-1024x576.jpeg\" alt=\"\" width=\"710\" height=\"399\" srcset=\"https:\/\/fta.com.br\/terrasdaestancia\/wp-content\/uploads\/2018\/09\/WhatsApp-Image-2019-03-14-at-10.01.19-1024x576.jpeg 1024w, https:\/\/fta.com.br\/terrasdaestancia\/wp-content\/uploads\/2018\/09\/WhatsApp-Image-2019-03-14-at-10.01.19-300x169.jpeg 300w, https:\/\/fta.com.br\/terrasdaestancia\/wp-content\/uploads\/2018\/09\/WhatsApp-Image-2019-03-14-at-10.01.19-768x432.jpeg 768w, https:\/\/fta.com.br\/terrasdaestancia\/wp-content\/uploads\/2018\/09\/WhatsApp-Image-2019-03-14-at-10.01.19-350x197.jpeg 350w, https:\/\/fta.com.br\/terrasdaestancia\/wp-content\/uploads\/2018\/09\/WhatsApp-Image-2019-03-14-at-10.01.19.jpeg 1280w\" sizes=\"(max-width: 710px) 100vw, 710px\" \/>As instala\u00e7\u00f5es da rede el\u00e9trica e ilumina\u00e7\u00e3o p\u00fablica est\u00e3o prontas.<img loading=\"lazy\" decoding=\"async\" class=\"alignnone size-large wp-image-1117\" src=\"https:\/\/fta.com.br\/terrasdaestancia\/wp-content\/uploads\/2018\/09\/WhatsApp-Image-2019-02-22-at-08.38.11-1024x576.jpeg\" alt=\"\" width=\"710\" height=\"399\" srcset=\"https:\/\/fta.com.br\/terrasdaestancia\/wp-content\/uploads\/2018\/09\/WhatsApp-Image-2019-02-22-at-08.38.11-1024x576.jpeg 1024w, https:\/\/fta.com.br\/terrasdaestancia\/wp-content\/uploads\/2018\/09\/WhatsApp-Image-2019-02-22-at-08.38.11-300x169.jpeg 300w, https:\/\/fta.com.br\/terrasdaestancia\/wp-content\/uploads\/2018\/09\/WhatsApp-Image-2019-02-22-at-08.38.11-768x432.jpeg 768w, https:\/\/fta.com.br\/terrasdaestancia\/wp-content\/uploads\/2018\/09\/WhatsApp-Image-2019-02-22-at-08.38.11-350x197.jpeg 350w, https:\/\/fta.com.br\/terrasdaestancia\/wp-content\/uploads\/2018\/09\/WhatsApp-Image-2019-02-22-at-08.38.11.jpeg 1032w\" sizes=\"(max-width: 710px) 100vw, 710px\" \/><\/p>\n","protected":false},"excerpt":{"rendered":"<p>As instala\u00e7\u00f5es da rede el\u00e9trica e ilumina\u00e7\u00e3o p\u00fablica est\u00e3o prontas.<\/p>\n","protected":false},"author":1,"featured_media":1143,"comment_status":"closed","ping_status":"closed","sticky":false,"template":"","format":"standard","meta":{"footnotes":""},"categories":[2],"tags":[9],"class_list":["post-933","post","type-post","status-publish","format-standard","has-post-thumbnail","hentry","category-noticias","tag-iluminacao"],"_links":{"self":[{"href":"https:\/\/fta.com.br\/terrasdaestancia\/wp-json\/wp\/v2\/posts\/933","targetHints":{"allow":["GET"]}}],"collection":[{"href":"https:\/\/fta.com.br\/terrasdaestancia\/wp-json\/wp\/v2\/posts"}],"about":[{"href":"https:\/\/fta.com.br\/terrasdaestancia\/wp-json\/wp\/v2\/types\/post"}],"author":[{"embeddable":true,"href":"https:\/\/fta.com.br\/terrasdaestancia\/wp-json\/wp\/v2\/users\/1"}],"replies":[{"embeddable":true,"href":"https:\/\/fta.com.br\/terrasdaestancia\/wp-json\/wp\/v2\/comments?post=933"}],"version-history":[{"count":7,"href":"https:\/\/fta.com.br\/terrasdaestancia\/wp-json\/wp\/v2\/posts\/933\/revisions"}],"predecessor-version":[{"id":1146,"href":"https:\/\/fta.com.br\/terrasdaestancia\/wp-json\/wp\/v2\/posts\/933\/revisions\/1146"}],"wp:featuredmedia":[{"embeddable":true,"href":"https:\/\/fta.com.br\/terrasdaestancia\/wp-json\/wp\/v2\/media\/1143"}],"wp:attachment":[{"href":"https:\/\/fta.com.br\/terrasdaestancia\/wp-json\/wp\/v2\/media?parent=933"}],"wp:term":[{"taxonomy":"category","embeddable":true,"href":"https:\/\/fta.com.br\/terrasdaestancia\/wp-json\/wp\/v2\/categories?post=933"},{"taxonomy":"post_tag","embeddable":true,"href":"https:\/\/fta.com.br\/terrasdaestancia\/wp-json\/wp\/v2\/tags?post=933"}],"curies":[{"name":"wp","href":"https:\/\/api.w.org\/{rel}","templated":true}]}}